{"id":8435,"date":"2025-03-27T12:02:03","date_gmt":"2025-03-27T16:02:03","guid":{"rendered":"https:\/\/lpsarchitecture.com\/?p=8435"},"modified":"2025-08-05T11:49:20","modified_gmt":"2025-08-05T15:49:20","slug":"lps-architecture-beyond-buildings-inclusive-design-and-ramadan-reflections","status":"publish","type":"post","link":"https:\/\/lpsarchitecture.com\/fr\/lps-architecture-beyond-buildings-inclusive-design-and-ramadan-reflections\/","title":{"rendered":"La vision d'inclusion de LPS et les le\u00e7ons universelles du Ramadan"},"content":{"rendered":"<p>Par Amira Cherichi<\/p>\n\n\n\n<p>LPS Architecture&amp;Gestion Inc. est beaucoup plus qu\u2019une firme d\u2019architecture. Nous sommes un groupe de professionnels d\u00e9vou\u00e9s \u00e0 utiliser l\u2019architecture pour faire un changement dans la soci\u00e9t\u00e9, une mission qui prend racine dans le c\u0153ur de chaque membre de notre \u00e9quipe et qui se caract\u00e9rise par le partage et l\u2019exercice de nos valeurs communes. Bien que notre travail se concr\u00e9tise par la production de plans, devis, analyses et autres documents li\u00e9s \u00e0 l'environnement b\u00e2ti, notre vision va au-del\u00e0 de ces aspects techniques. Nous nous effor\u00e7ons de cr\u00e9er des espaces de vie sains et de valoriser les individus responsables.<\/p>\n\n\n\n<h2 class=\"wp-block-heading\">Adopter la diversit\u00e9 et l\u2019inclusion<\/h2>\n\n\n\n<p>Au-del\u00e0 des outils d'analyse et de mesure utilis\u00e9s pour travailler sur les b\u00e2timents, nous adh\u00e9rons quotidiennement aux principes de diversit\u00e9, d'inclusion et d'\u00e9quit\u00e9 dans nos interactions humaines. Notre \u00e9quipe diversifi\u00e9e, compos\u00e9e de professionnels aux comp\u00e9tences vari\u00e9es, t\u00e9moigne de cet engagement.<\/p>\n\n\n\n<p>Chez LPS Architecture &amp; Gestion Inc., nous consid\u00e9rons que notre diversit\u00e9 est notre force. La pluralit\u00e9 de connaissances, de visions et d'exp\u00e9riences de notre \u00e9quipe b\u00e9n\u00e9ficie non seulement \u00e0 chaque individu, mais aussi \u00e0 notre client\u00e8le. Cette approche est d'une importance capitale, particuli\u00e8rement dans un monde qui semble parfois s'\u00e9loigner des valeurs humanistes et de l'\u00e9volution sociale.<\/p>\n\n\n\n<h2 class=\"wp-block-heading\">Notre approche philosophique<\/h2>\n\n\n\n<p>Notre philosophie est ancr\u00e9e dans la conviction que nous devons voir le monde non pas tel qu'il est, mais tel que nous aspirons \u00e0 ce qu'il devienne. Nous reconnaissons que les croyances et la culture sont intrins\u00e8quement li\u00e9es, et bien que la politique et la religion puissent souvent \u00eatre sources de discorde, nous nous effor\u00e7ons de transcender ces divisions.<\/p>\n\n\n\n<p>Chez LPS, nous nous engageons \u00e0 :<\/p>\n\n\n\n<ul class=\"wp-block-list\">\n<li>Respecter les perspectives diverses de chacun.<\/li>\n\n\n\n<li>Cr\u00e9er une culture d'entreprise inclusive o\u00f9 chaque voix est valoris\u00e9e.<\/li>\n\n\n\n<li>Promouvoir l'\u00e9galit\u00e9 et l'\u00e9quit\u00e9 dans toutes nos pratiques. <\/li>\n<\/ul>\n\n\n\n<p>Notre objectif est de forger une nouvelle culture professionnelle, plus riche et inclusive, o\u00f9 chaque membre de l'\u00e9quipe est trait\u00e9 avec respect et dignit\u00e9, ind\u00e9pendamment de ses origines ou de ses croyances. Cette approche nous permet non seulement d'innover dans notre domaine, mais aussi de contribuer positivement \u00e0 la soci\u00e9t\u00e9 dans son ensemble.<\/p>\n\n\n\n<p>En tant que cabinet d'architecture engag\u00e9, nous nous effor\u00e7ons d'int\u00e9grer ces principes dans chaque aspect de notre travail, de la conception \u00e0 la r\u00e9alisation, en veillant \u00e0 ce que nos projets refl\u00e8tent et soutiennent la diversit\u00e9 des communaut\u00e9s que nous servons.<\/p>\n\n\n\n<h2 class=\"wp-block-heading\">Comprendre le Ramadan : Au-del\u00e0 du cadre religieux<\/h2>\n\n\n\n<p>Dans l\u2019esprit du paragraphe pr\u00e9c\u00e9dent, ce blog met l\u2019accent sur la compr\u00e9hension du Ramadan, non pas uniquement comme une pratique religieuse propre \u00e0 l\u2019islam, mais comme une d\u00e9marche qui transcende le cadre religieux pour s\u2019inscrire dans une approche de purification holistique. Le Ramadan peut ainsi \u00eatre per\u00e7u comme une opportunit\u00e9 de renouvellement, touchant \u00e0 la fois le corps, l\u2019esprit et l\u2019\u00e2me, et offrant une r\u00e9flexion profonde sur nos habitudes, nos valeurs et notre connexion avec le monde qui nous entoure.<\/p>\n\n\n\n<h2 class=\"wp-block-heading\">Les bienfaits physiques et mentaux du Ramadan<\/h2>\n\n\n\n<p>Le mois de Ramadan est bien plus qu\u2019un simple moment de je\u00fbne. C\u2019est un mois magique, rempli de bienfaits qui touchent non seulement notre \u00e2me, mais aussi notre esprit et notre corps.<\/p>\n\n\n\n<p>Des \u00e9tudes ont montr\u00e9 que sur le plan physique, le je\u00fbne pratiqu\u00e9 pendant le Ramadan pr\u00e9sente des bienfaits notables pour la sant\u00e9. Il permet au corps de se reposer et de se purifier, en \u00e9liminant les toxines et en favorisant la r\u00e9g\u00e9n\u00e9ration cellulaire. Le je\u00fbne intermittent am\u00e9liore la digestion et peut r\u00e9duire les risques de maladies chroniques, comme le diab\u00e8te de type 2. En donnant au syst\u00e8me digestif une pause, il contribue \u00e9galement \u00e0 une meilleure gestion du poids et \u00e0 une sensation g\u00e9n\u00e9rale de bien-\u00eatre.<\/p>\n\n\n\n<figure class=\"wp-block-image size-large\"><img loading=\"lazy\" decoding=\"async\" width=\"1024\" height=\"682\" src=\"https:\/\/lpsarchitecture.com\/wp-content\/uploads\/ramadan-3-1024x682.jpg\" alt=\"ramadan 3\" class=\"wp-image-8443\" srcset=\"https:\/\/lpsarchitecture.com\/wp-content\/uploads\/ramadan-3-1024x682.jpg 1024w, https:\/\/lpsarchitecture.com\/wp-content\/uploads\/ramadan-3-300x200.jpg 300w, https:\/\/lpsarchitecture.com\/wp-content\/uploads\/ramadan-3-768x512.jpg 768w, https:\/\/lpsarchitecture.com\/wp-content\/uploads\/ramadan-3-1536x1024.jpg 1536w, https:\/\/lpsarchitecture.com\/wp-content\/uploads\/ramadan-3-18x12.jpg 18w, https:\/\/lpsarchitecture.com\/wp-content\/uploads\/ramadan-3.jpg 2000w\" sizes=\"auto, (max-width: 1024px) 100vw, 1024px\" \/><\/figure>\n\n\n\n<p>Mais les bienfaits ne se limitent pas au physique. Le je\u00fbne a \u00e9galement un impact positif sur notre sant\u00e9 mentale. En donnant au corps une pause des stimuli constants, on lib\u00e8re de l\u2019espace pour la r\u00e9flexion, la relaxation et la pleine conscience. Ce temps de calme permet de r\u00e9duire le stress et d\u2019am\u00e9liorer l\u2019humeur. Scientifiquement on a approuv\u00e9 que le je\u00fbne pouvait entra\u00eener une r\u00e9duction de l\u2019anxi\u00e9t\u00e9 et une am\u00e9lioration de la clart\u00e9 mentale. En d'autres termes, le Ramadan offre une occasion de \"rebooster\" notre cerveau et de favoriser une meilleure gestion \u00e9motionnelle.<\/p>\n\n\n\n<h2 class=\"wp-block-heading\">R\u00e9unions de famille et communaut\u00e9<\/h2>\n\n\n\n<p>Ramadan est un mois de rencontres familiales. L'un des aspects les plus pr\u00e9cieux du Ramadan est la chaleur des rencontres familiales. Les repas partag\u00e9s au coucher du soleil, les discussions anim\u00e9es autour de la table, les rires et les sourires \u00e9chang\u00e9s pendant le Suhoor et l\u2019Iftar sont autant de petits moments de bonheur. Ce mois nous rappelle l'importance de passer du temps avec nos proches, de renforcer les liens familiaux et de c\u00e9l\u00e9brer ensemble les valeurs d\u2019amour, de respect et de partage.<\/p>\n\n\n\n<figure class=\"wp-block-image size-large\"><img loading=\"lazy\" decoding=\"async\" width=\"1024\" height=\"682\" src=\"https:\/\/lpsarchitecture.com\/wp-content\/uploads\/ramadan-2-1024x682.jpg\" alt=\"ramadan 2\" class=\"wp-image-8442\" srcset=\"https:\/\/lpsarchitecture.com\/wp-content\/uploads\/ramadan-2-1024x682.jpg 1024w, https:\/\/lpsarchitecture.com\/wp-content\/uploads\/ramadan-2-300x200.jpg 300w, https:\/\/lpsarchitecture.com\/wp-content\/uploads\/ramadan-2-768x512.jpg 768w, https:\/\/lpsarchitecture.com\/wp-content\/uploads\/ramadan-2-1536x1024.jpg 1536w, https:\/\/lpsarchitecture.com\/wp-content\/uploads\/ramadan-2-18x12.jpg 18w, https:\/\/lpsarchitecture.com\/wp-content\/uploads\/ramadan-2.jpg 2000w\" sizes=\"auto, (max-width: 1024px) 100vw, 1024px\" \/><\/figure>\n\n\n\n<p>Les visites chez les amis et la famille deviennent des occasions privil\u00e9gi\u00e9es pour se retrouver, \u00e9changer, et offrir un peu de soutien \u00e0 ceux qui en ont besoin. C'est un mois o\u00f9 la complicit\u00e9 et l\u2019unit\u00e9 prennent toute leur importance. Le simple fait de partager un repas, de prendre un moment pour \u00e9couter et \u00eatre pr\u00e9sent pour les autres devient un acte d'amour.<\/p>\n\n\n\n<p>Le Ramadan est aussi un moment de g\u00e9n\u00e9rosit\u00e9 et de solidarit\u00e9. C\u2019est l\u2019occasion de tendre la main \u00e0 ceux qui en ont besoin, de faire preuve de bienveillance et d'empathie envers les plus d\u00e9munis. Que ce soit en partageant un repas, en offrant une aide financi\u00e8re ou en consacrant du temps pour des actions de charit\u00e9, chaque petit geste compte.<\/p>\n\n\n\n<h2 class=\"wp-block-heading\">Conclusion : Le v\u00e9ritable tr\u00e9sor du Ramadan<\/h2>\n\n\n\n<p>Le mois sacr\u00e9 nous enseigne que le vrai bonheur r\u00e9side dans le partage et dans l\u2019attention port\u00e9e \u00e0 l'autre. Lorsque nous donnons de notre temps, de nos ressources ou m\u00eame simplement de notre pr\u00e9sence, nous ressentons une joie qui d\u00e9passe tout ce que l'on pourrait poss\u00e9der mat\u00e9riellement.<\/p>\n\n\n\n<p>Le Ramadan nous rappelle que le v\u00e9ritable tr\u00e9sor r\u00e9side dans les relations humaines, dans la capacit\u00e9 \u00e0 aimer et \u00e0 aider. Alors, que ce Ramadan, comme les valeurs de LPS Architecture&amp;Gestion Inc., repr\u00e9sente un chemin de partage, d\u2019amour, de lumi\u00e8re et de bien-\u00eatre. Puisse-t-il vous apporter paix, sant\u00e9 et bonheur, tout en vous offrant l\u2019opportunit\u00e9 de faire une diff\u00e9rence dans la vie des autres.<\/p>\n\n\n\n<p>R\u00e9dig\u00e9 par Amira Cherichi<\/p>\n\n\n\n<div class=\"wp-block-cover\" style=\"padding-top:5rem;padding-right:5rem;padding-bottom:5rem;padding-left:5rem\"><span aria-hidden=\"true\" class=\"wp-block-cover__background has-brand-1-background-color has-background-dim-100 has-background-dim\"><\/span><div class=\"wp-block-cover__inner-container is-layout-flow wp-block-cover-is-layout-flow\">\n<div class=\"py-flex py-gap\" style=\"--py-gap-value:var(--py-content-gap);--py-align-items:center\">\n<h2 class=\"py-text\" style=\"--py-font-size:var(--h2-s);--py-text-align:center\">PR\u00caT \u00c0 TRANSFORMER VOTRE ESPACE ?<\/h2>\n\n\n\n<p class=\"py-text\" style=\"--py-text-align:center\">Que vous ayez un projet, une question ou un probl\u00e8me concernant tout type de b\u00e2timent, nous pouvons vous aider. Si vous voulez r\u00e9nover, acheter tout type de b\u00e2timent n\u00e9cessitant une inspection, besoin d'une analyse de code, d'une expertise technique ou juridique, de permis ou que vous r\u00eavez d'une nouvelle maison, nous sommes l\u00e0 pour donner vie \u00e0 votre vision en nous occupant de chaque d\u00e9tail avec pr\u00e9cision et cr\u00e9ativit\u00e9.<\/p>\n\n\n\n<p class=\"py-text\" style=\"--py-text-align:center\">Contactez-nous d\u00e8s aujourd'hui et d\u00e9couvrez comment nous pouvons transformer vos id\u00e9es en r\u00e9alit\u00e9 ; nous avons des r\u00e9ponses et des solutions \u00e0 toutes vos questions !<\/p>\n\n\n\n<a href=\"https:\/\/lpsarchitecture.com\/fr\/contact-us\/\" class=\"wp-block-piney-py-button btn py-white-btn\">Contactez-nous<\/a>\n<\/div>\n<\/div><\/div>","protected":false},"excerpt":{"rendered":"<p>By Amira Cherichi LPS Architecture&amp;Gestion Inc. is much more than an architectural firm. We are a group of professionals dedicated to using architecture to make a difference in society, a mission rooted in the hearts of each member of our team and characterized by the sharing and exercising of our common values. Although our work [&hellip;]<\/p>\n","protected":false},"author":7,"featured_media":8440,"comment_status":"closed","ping_status":"closed","sticky":false,"template":"","format":"standard","meta":{"_seopress_robots_primary_cat":"none","_seopress_titles_title":"LPS Architecture | Inclusive Design & Ramadan Reflections","_seopress_titles_desc":"More than architects, we're visionaries shaping society through inclusive design. Our diverse team creates healthy spaces, embracing equity and innovation to build a better world. Discover how we blend technical expertise with humanistic values to transform communities.","_seopress_robots_index":"","footnotes":""},"categories":[53],"tags":[],"class_list":["post-8435","post","type-post","status-publish","format-standard","has-post-thumbnail","hentry","category-architecture"],"fields":null,"meta_box":{"hide_author_box":""},"_seopress_redirections_type":"301","_seopress_redirections_logged_status":"both","_seopress_analysis_target_kw":"","_thumbnail_id":"8440","_seopress_titles_title":"LPS Architecture | Inclusive Design & Ramadan Reflections","_seopress_titles_desc":"More than architects, we're visionaries shaping society through inclusive design. Our diverse team creates healthy spaces, embracing equity and innovation to build a better world. Discover how we blend technical expertise with humanistic values to transform communities.","data":null,"_links":{"self":[{"href":"https:\/\/lpsarchitecture.com\/fr\/wp-json\/wp\/v2\/posts\/8435","targetHints":{"allow":["GET"]}}],"collection":[{"href":"https:\/\/lpsarchitecture.com\/fr\/wp-json\/wp\/v2\/posts"}],"about":[{"href":"https:\/\/lpsarchitecture.com\/fr\/wp-json\/wp\/v2\/types\/post"}],"author":[{"embeddable":true,"href":"https:\/\/lpsarchitecture.com\/fr\/wp-json\/wp\/v2\/users\/7"}],"replies":[{"embeddable":true,"href":"https:\/\/lpsarchitecture.com\/fr\/wp-json\/wp\/v2\/comments?post=8435"}],"version-history":[{"count":5,"href":"https:\/\/lpsarchitecture.com\/fr\/wp-json\/wp\/v2\/posts\/8435\/revisions"}],"predecessor-version":[{"id":8553,"href":"https:\/\/lpsarchitecture.com\/fr\/wp-json\/wp\/v2\/posts\/8435\/revisions\/8553"}],"wp:featuredmedia":[{"embeddable":true,"href":"https:\/\/lpsarchitecture.com\/fr\/wp-json\/wp\/v2\/media\/8440"}],"wp:attachment":[{"href":"https:\/\/lpsarchitecture.com\/fr\/wp-json\/wp\/v2\/media?parent=8435"}],"wp:term":[{"taxonomy":"category","embeddable":true,"href":"https:\/\/lpsarchitecture.com\/fr\/wp-json\/wp\/v2\/categories?post=8435"},{"taxonomy":"post_tag","embeddable":true,"href":"https:\/\/lpsarchitecture.com\/fr\/wp-json\/wp\/v2\/tags?post=8435"}],"curies":[{"name":"wp","href":"https:\/\/api.w.org\/{rel}","templated":true}]}}